{"id":99526,"date":"2023-11-02T20:50:52","date_gmt":"2023-11-02T23:50:52","guid":{"rendered":"https:\/\/corrientesdetarde.com\/?p=99526"},"modified":"2023-11-02T20:51:04","modified_gmt":"2023-11-02T23:51:04","slug":"demoraron-a-hinchas-de-boca-en-la-frontera-por-llevar-hojas-de-coca","status":"publish","type":"post","link":"https:\/\/corrientesdetarde.com\/index.php\/policiales\/demoraron-a-hinchas-de-boca-en-la-frontera-por-llevar-hojas-de-coca\/","title":{"rendered":"Demoraron a hinchas de Boca en la frontera por llevar hojas de coca."},"content":{"rendered":"\n<h2 class=\"wp-block-heading\">El contingente fue demorado por la Polic\u00eda Federal de Brasil en la aduana de Dionisio Cerqueira, porque entre las pertenencias que ten\u00edan detectaron algunos paquetes con hojas del vegetal que est\u00e1 prohibido en Brasil.<\/h2>\n\n\n\n<p>Un contingente de hinchas xeneizes que empredi\u00f3 viaje hacia R\u00edo de Janeiro para presenciar la final de la Copa Libertadores entre Boca Juniors y Fluminense, fue demorado por la Polic\u00eda Federal de Brasil en la aduana de Dionisio Cerqueira, porque entre las pertenencias que ten\u00edan detectaron algunos paquetes con hojas de coca, vegetal que est\u00e1 prohibido en Brasil.<\/p>\n\n\n\n<p>En un comunicado de la Polic\u00eda Federal se inform\u00f3 que &#8220;se realiz\u00f3 la inspecci\u00f3n personal&#8221; de cada pasajero &#8220;y dentro del autob\u00fas&#8221;, junto a equipos de la Polic\u00eda Militar de Santa Catarina, y durante la revisi\u00f3n de equipajes se encontraron 5 paquetes con hojas de la planta de coca, que est\u00e1 prohibida en Brasil&#8221;.<\/p>\n\n\n\n<p>En esa l\u00ednea la fuerza detall\u00f3 que &#8220;un paquete fue encontrado junto al equipaje de uno de los pasajeros que se identific\u00f3 como propietario y cuatro m\u00e1s en el compartimento del conductor, donde un ayudante de a bordo se identific\u00f3 como responsable de la sustancia&#8221;.<\/p>\n\n\n\n<p>Finalmente notificaron que &#8220;despu\u00e9s de la revisi\u00f3n y verificaci\u00f3n documental de los dem\u00e1s pasajeros, que se han sometido a tr\u00e1mites de inmigraci\u00f3n, continuaron su viaje&#8221;.<\/p>\n\n\n\n<p>Cabe mencionar que en este pa\u00eds muchos conductores de camiones o colectivos de larga distancia consumen hojas de coca para mantenerse despiertos, siendo una pr\u00e1ctica frecuente. Desde la frontera seca en Bernardo de Irigoyen hasta R\u00edo de Janeiro hay m\u00e1s de 1.500 kil\u00f3metros<\/p>\n","protected":false},"excerpt":{"rendered":"<p>El contingente fue demorado por la Polic\u00eda Federal de Brasil en la aduana de Dionisio Cerqueira, porque entre las pertenencias que ten\u00edan detectaron algunos paquetes con hojas del vegetal que&hellip; <\/p>\n","protected":false},"author":6,"featured_media":99527,"comment_status":"closed","ping_status":"open","sticky":false,"template":"","format":"standard","meta":{"footnotes":""},"categories":[33],"tags":[],"class_list":["post-99526","post","type-post","status-publish","format-standard","has-post-thumbnail","hentry","category-policiales"],"_links":{"self":[{"href":"https:\/\/corrientesdetarde.com\/index.php\/wp-json\/wp\/v2\/posts\/99526","targetHints":{"allow":["GET"]}}],"collection":[{"href":"https:\/\/corrientesdetarde.com\/index.php\/wp-json\/wp\/v2\/posts"}],"about":[{"href":"https:\/\/corrientesdetarde.com\/index.php\/wp-json\/wp\/v2\/types\/post"}],"author":[{"embeddable":true,"href":"https:\/\/corrientesdetarde.com\/index.php\/wp-json\/wp\/v2\/users\/6"}],"replies":[{"embeddable":true,"href":"https:\/\/corrientesdetarde.com\/index.php\/wp-json\/wp\/v2\/comments?post=99526"}],"version-history":[{"count":1,"href":"https:\/\/corrientesdetarde.com\/index.php\/wp-json\/wp\/v2\/posts\/99526\/revisions"}],"predecessor-version":[{"id":99528,"href":"https:\/\/corrientesdetarde.com\/index.php\/wp-json\/wp\/v2\/posts\/99526\/revisions\/99528"}],"wp:featuredmedia":[{"embeddable":true,"href":"https:\/\/corrientesdetarde.com\/index.php\/wp-json\/wp\/v2\/media\/99527"}],"wp:attachment":[{"href":"https:\/\/corrientesdetarde.com\/index.php\/wp-json\/wp\/v2\/media?parent=99526"}],"wp:term":[{"taxonomy":"category","embeddable":true,"href":"https:\/\/corrientesdetarde.com\/index.php\/wp-json\/wp\/v2\/categories?post=99526"},{"taxonomy":"post_tag","embeddable":true,"href":"https:\/\/corrientesdetarde.com\/index.php\/wp-json\/wp\/v2\/tags?post=99526"}],"curies":[{"name":"wp","href":"https:\/\/api.w.org\/{rel}","templated":true}]}}