{"id":99719,"date":"2023-11-03T16:35:10","date_gmt":"2023-11-03T19:35:10","guid":{"rendered":"https:\/\/corrientesdetarde.com\/?p=99719"},"modified":"2023-11-03T16:35:18","modified_gmt":"2023-11-03T19:35:18","slug":"javier-milei-conto-que-rol-tendra-fatima-florez-en-caso-de-asumir-la-presidencia","status":"publish","type":"post","link":"https:\/\/corrientesdetarde.com\/index.php\/espectaculos\/javier-milei-conto-que-rol-tendra-fatima-florez-en-caso-de-asumir-la-presidencia\/","title":{"rendered":"Javier Milei cont\u00f3 qu\u00e9 rol tendr\u00e1 F\u00e1tima Florez en caso de asumir la presidencia"},"content":{"rendered":"\n<p>El candidato a presidente por La Libertad Avanza habl\u00f3 sin filtros sobre su relaci\u00f3n con la actriz y confirm\u00f3 que no existe ninguna crisis entre ellos.<\/p>\n\n\n\n<p>Javier Milei va camino al balotaje, que se realizar\u00e1 el 19 de noviembre. Ese d\u00eda estar\u00e1 acompa\u00f1ado de\u00a0F\u00e1tima Flores , su pareja, que se convirti\u00f3 en un gran sost\u00e9n. As\u00ed lo asegur\u00f3 en una nota con\u00a0<strong>Yuyito G\u00f3nzalez\u00a0<\/strong>en su nuevo programa de\u00a0<em>Ciudad Magazine<\/em>, donde adem\u00e1s aprovech\u00f3 para aclarar que no atraviesan ninguna crisis, pese a los rumores.<\/p>\n\n\n\n<p>\u201cEstoy de novio con una mujer maravillosa. No somos celosos. Es muy divertida e inteligente. Tiene un humor r\u00e1pido y explosivo. Cuando aparecen encuestas donde ando bien tratan de atacarme de distintos lados. Buscan desestabilizarme meti\u00e9ndose en mi pareja y generan mentiras\u201d, explic\u00f3 sobre las escandalosas versiones de ruptura por supuestos maltratos de su parte.<\/p>\n\n\n\n<p>Acto seguido, reconoci\u00f3 que ella lo hace desconectar de \u201ctoda la porquer\u00eda que hablan de \u00e9l\u201d. \u201cElla no es una carga, todo lo contrario. Nos conocimos en lo de Mirtha Legrand y ten\u00edamos la cabeza en otro lado. Muchos meses despu\u00e9s empezamos a chatear. Se dio\u201d, agreg\u00f3.<\/p>\n\n\n\n<figure class=\"wp-block-image\"><img decoding=\"async\" src=\"https:\/\/tn.com.ar\/resizer\/aMDGXCVfg_2nHuRJIVRadWkQyGI=\/767x0\/smart\/filters:format(webp)\/cloudfront-us-east-1.images.arcpublishing.com\/artear\/XHQR4LBL35DKJMKSP32UK6DN3I.jpg\" alt=\"En el programa de Mirtha Legrand, F\u00e1tima Florez aclar\u00f3 que har\u00e1 temporada en Mar del Plata aunque sea Primera Dama. (Foto: Movilpress)\"\/><\/figure>\n\n\n\n<p>Por \u00faltimo, cont\u00f3 la importante determinaci\u00f3n que tom\u00f3 en caso de ganar la presidencia y que la actriz se convierta en la Primera Dama: <strong>\u201cElla est\u00e1 comprometida con su actividad y seguir\u00e1 con eso independientemente de si me toca ser presidente o no<\/strong>. Me parece importante.<strong>\u00a0Yo creo que ella tiene que seguir haciendo su vida profesional, no tiene que relegar su \u00e9xito por nada ni nadie.\u00a0<\/strong>Es una persona que trabaja much\u00edsimo, que su \u00e9xito lo construy\u00f3 en base a much\u00edsimo esfuerzo. Ser\u00eda una atrocidad que deje de hacer un trabajo tan maravilloso.\u00a0<strong>Quiero que siga con su trabajo<\/strong>\u201d.<\/p>\n\n\n\n<figure class=\"wp-block-image\"><img decoding=\"async\" src=\"https:\/\/tn.com.ar\/resizer\/NuyOw7us52g31N0nqvMcnzbGGk0=\/767x0\/smart\/filters:format(webp)\/cloudfront-us-east-1.images.arcpublishing.com\/artear\/OCF4TSRFAJCLLACOTUNCCOSSGI.jpg\" alt=\"F\u00e1tima Florez y Javier Milei siguen juntos y muy enamorados. (Foto: Movilpress)\"\/><\/figure>\n\n\n\n<h2 class=\"wp-block-heading\">Javier Milei revel\u00f3 c\u00f3mo lo contuvo F\u00e1tima Florez despu\u00e9s del resultado de las elecciones<\/h2>\n\n\n\n<p>En la primera entrevista que dio luego de haber quedado segundo en las elecciones presidenciales, el l\u00edder de<strong>\u00a0La Libertad Avanza, Javier Milei,<\/strong>\u00a0analiz\u00f3 la estrategia que va a tener frente al balotaje en el que se disputar\u00e1 el poder con<strong>\u00a0Sergio Massa<\/strong>. En la charla con<em>\u00a0Radio Continental<\/em>, adem\u00e1s, habl\u00f3 sobre<strong>\u00a0F\u00e1tima Florez<\/strong>.<\/p>\n\n\n\n<p>El economista cont\u00f3 que su novia&nbsp;<strong>estuvo con \u00e9l luego de que se supiera que el porcentaje&nbsp;<\/strong>que obtuvo.&nbsp;<strong>\u201cF\u00e1tima me acompa\u00f1\u00f3.<\/strong>&nbsp;La verdad es que estoy muy contento, porque<strong>&nbsp;es una persona muy constructiva<\/strong>&nbsp;y tiene un excelente sentido del humor que hace que todo sea mucho m\u00e1s f\u00e1cil\u201d, remarc\u00f3.<\/p>\n\n\n\n<figure class=\"wp-block-image\"><img decoding=\"async\" src=\"https:\/\/tn.com.ar\/resizer\/TjjRVYhJs4kjCFmNAqK6elm62A4=\/767x0\/smart\/filters:format(webp)\/cloudfront-us-east-1.images.arcpublishing.com\/artear\/BT3CJDSWYVGTTOHWRMFBYOZXKQ.jpg\" alt=\"Javier Milei dijo estar enamorad\u00edsimo de F\u00e1tima Florez. (Foto: captura de eltrece)\"\/><\/figure>\n\n\n\n<p>Cuando el periodista le pregunt\u00f3 si estaba enamorado de la imitadora,&nbsp;<strong>el libertario no pudo eludir la respuesta<\/strong>. \u201cS\u00ed. Es verdad. No tengo por qu\u00e9 negarlo. Es una mujer muy inteligente, muy talentosa, con una visi\u00f3n muy aguda.<strong>&nbsp;En ese sentido, juega un rol muy importante<\/strong>\u201d, sostuvo acerca del lugar que tiene F\u00e1tima en su estructura diaria.<\/p>\n","protected":false},"excerpt":{"rendered":"<p>El candidato a presidente por La Libertad Avanza habl\u00f3 sin filtros sobre su relaci\u00f3n con la actriz y confirm\u00f3 que no existe ninguna crisis entre ellos. Javier Milei va camino&hellip; <\/p>\n","protected":false},"author":8,"featured_media":99720,"comment_status":"closed","ping_status":"open","sticky":false,"template":"","format":"standard","meta":{"footnotes":""},"categories":[19],"tags":[],"class_list":["post-99719","post","type-post","status-publish","format-standard","has-post-thumbnail","hentry","category-espectaculos"],"_links":{"self":[{"href":"https:\/\/corrientesdetarde.com\/index.php\/wp-json\/wp\/v2\/posts\/99719","targetHints":{"allow":["GET"]}}],"collection":[{"href":"https:\/\/corrientesdetarde.com\/index.php\/wp-json\/wp\/v2\/posts"}],"about":[{"href":"https:\/\/corrientesdetarde.com\/index.php\/wp-json\/wp\/v2\/types\/post"}],"author":[{"embeddable":true,"href":"https:\/\/corrientesdetarde.com\/index.php\/wp-json\/wp\/v2\/users\/8"}],"replies":[{"embeddable":true,"href":"https:\/\/corrientesdetarde.com\/index.php\/wp-json\/wp\/v2\/comments?post=99719"}],"version-history":[{"count":1,"href":"https:\/\/corrientesdetarde.com\/index.php\/wp-json\/wp\/v2\/posts\/99719\/revisions"}],"predecessor-version":[{"id":99721,"href":"https:\/\/corrientesdetarde.com\/index.php\/wp-json\/wp\/v2\/posts\/99719\/revisions\/99721"}],"wp:featuredmedia":[{"embeddable":true,"href":"https:\/\/corrientesdetarde.com\/index.php\/wp-json\/wp\/v2\/media\/99720"}],"wp:attachment":[{"href":"https:\/\/corrientesdetarde.com\/index.php\/wp-json\/wp\/v2\/media?parent=99719"}],"wp:term":[{"taxonomy":"category","embeddable":true,"href":"https:\/\/corrientesdetarde.com\/index.php\/wp-json\/wp\/v2\/categories?post=99719"},{"taxonomy":"post_tag","embeddable":true,"href":"https:\/\/corrientesdetarde.com\/index.php\/wp-json\/wp\/v2\/tags?post=99719"}],"curies":[{"name":"wp","href":"https:\/\/api.w.org\/{rel}","templated":true}]}}