{"id":99744,"date":"2023-11-03T17:48:39","date_gmt":"2023-11-03T20:48:39","guid":{"rendered":"https:\/\/corrientesdetarde.com\/?p=99744"},"modified":"2023-11-03T17:48:51","modified_gmt":"2023-11-03T20:48:51","slug":"analizamos-con-expertos-el-alcance-del-decreto-de-joe-biden-que-regula-la-inteligencia-artificial","status":"publish","type":"post","link":"https:\/\/corrientesdetarde.com\/index.php\/tecnologia\/analizamos-con-expertos-el-alcance-del-decreto-de-joe-biden-que-regula-la-inteligencia-artificial\/","title":{"rendered":"Analizamos con expertos el alcance del decreto de Joe Biden que regula la inteligencia artificial"},"content":{"rendered":"\n<p>Los especialistas coinciden en que se trata de un primer paso para proteger a los usuarios de los peligros de la tecnolog\u00eda y obligar a las empresas a avisar cuando un contenido est\u00e9 generado por estas herramientas.<\/p>\n\n\n\n<p><strong>Joe Biden,<\/strong>\u00a0presidente Estados Unidos,\u00a0<strong>firm\u00f3 esta semana una orden ejecutiva para controlar el desarrollo de herramientas de inteligencia artificial<\/strong> y su aplicaci\u00f3n en todos los sectores de la sociedad ante los<strong>\u00a0riesgos que esta nueva tecnolog\u00eda plantea.<\/strong><\/p>\n\n\n\n<p>El decreto de la administraci\u00f3n Biden-Harris obliga a las empresas que trabajen en productos que puedan suponer un riesgo grave para la seguridad nacional, la seguridad econ\u00f3mica nacional o la salud p\u00fablicas a notificar a la administraci\u00f3n cuando vayan a poner a prueba esos modelos.<\/p>\n\n\n\n<p>En el\u00a0<strong>marco de la Ekoparty 2023<\/strong>, conferencia sobre\u00a0ciberseguridad y\u00a0<em>hacking\u00a0<\/em>que tiene lugar en el Centro de Convenciones de Buenos Aires hasta el 3 de noviembre,\u00a0<strong>Tecno\u00a0<\/strong>convers\u00f3 con especialistas para analizar y comprender las implicancias de esta nueva ley que busca regular la inteligencia artificial.<\/p>\n\n\n\n<figure class=\"wp-block-image\"><img decoding=\"async\" src=\"https:\/\/tn.com.ar\/resizer\/WByWHk4RBa5OzgIynxSJ8nQJYmE=\/767x0\/smart\/filters:format(webp)\/cloudfront-us-east-1.images.arcpublishing.com\/artear\/KAAHGZOI7JD5DKIJO2E5LKOGCM.png\" alt=\"La administraci\u00f3n Biden - Harris firm\u00f3 una orden ejecutiva para controlar el desarrollo de sistemas de inteligencia artificial. (Foto: Reuters)\"\/><\/figure>\n\n\n\n<p>\u201cYo creo que, como toda regulaci\u00f3n, hay un&nbsp;<strong>proceso de adaptaci\u00f3n<\/strong>. La parte que celebro es el involucramiento del Estado. Exigir explicaciones, preguntar&nbsp;<strong>c\u00f3mo se est\u00e1n desarrollando&nbsp;<\/strong>las herramientas, qu\u00e9 pol\u00edticas de privacidad, qu\u00e9 pol\u00edticas de seguridad se est\u00e1n utilizando\u201d, expres\u00f3 a&nbsp;<strong>TN Tecno<\/strong>&nbsp;Alejandro Botter, gerente de ingenier\u00eda de Check Point para el sur de Latinoam\u00e9rica.<\/p>\n\n\n\n<p>El especialista agreg\u00f3 que el simple hecho de que salga alg\u00fan tipo de regulaci\u00f3n implica de que ya es posible se haya conformado alg\u00fan tipo de<strong>&nbsp;comit\u00e9 que entienda de la materia y que empiece a trabajar en conjunto con las empresas<\/strong>: \u201cLa idea es vigilar que se utilice la tecnolog\u00eda para fines buenos y no para otros que quiz\u00e1s no fueron concebidos\u201d.<\/p>\n\n\n\n<p>En la misma l\u00ednea, Camilo Guti\u00e9rrez, Jefe del Laboratorio de Investigaci\u00f3n de ESET Latinoam\u00e9rica, destac\u00f3 que\u00a0<strong>es positivo tener una ley que le empiece a exigir a las empresas a que identifiquen el contenido<\/strong>\u00a0para que se pueda &#8220;identificar si es generado con inteligencia artificial o no&#8221;. \u201cEs bueno que tengamos la posibilidad de poder identificar ese tipo de informaci\u00f3n y que, desde el punto de vista de la seguridad, se pueda tener ese tipo de controles sobre si lo que estamos viendo es generado o no es generado por la IA\u201d.<\/p>\n\n\n\n<p>Seg\u00fan Guti\u00e9rrez, esta regulaci\u00f3n pone en evidencia el<strong>&nbsp;otro problema al cual nos podemos ver enfrentados<\/strong>: \u201cEl uso inadecuado de esa tecnolog\u00eda y qu\u00e9 impacto puede llegar a tener. Cuando hablamos de seguridad, quiz\u00e1s muchos de los problemas empiezan precisamente por el hecho de que se desconoce que existen este tipo de situaciones y lo que puede llegar a crear este tipo de tecnolog\u00edas. Obviamente que, como cualquier regulaci\u00f3n, luego hay que implementarla, hay que controlarla para que se pueda cumplir. Pero es un punto de partida para poder tener un poco m\u00e1s de noci\u00f3n de qu\u00e9 es lo que se genera, y c\u00f3mo se genera, por lo menos desde el punto de vista legal\u201d.<\/p>\n\n\n\n<p>Por su parte, Tom Tovar, CEO de Appdome y especialista en inteligencia artificial, expres\u00f3 en comunicaci\u00f3n con<strong> Tecno\u00a0<\/strong>que el decreto de la administraci\u00f3n Biden-Harris reconoce que<strong>\u00a0el consumidor individual de contenidos no est\u00e1 preparado<\/strong>, no importa lo experto que sea,<strong>\u00a0para protegerse contra los peligros de la tecnolog\u00eda<\/strong>\u00a0y el riesgo tecnol\u00f3gico, ya sea de\u00a0hackers, estafadores o sistemas basados en IA: \u201cCreo que este paso es el correcto al trasladar la responsabilidad a los creadores de estas plataformas para garantizar que los consumidores permanezcan seguros en todo momento cuando disfrutan de los beneficios de la tecnolog\u00eda que se est\u00e1 creando para todos nosotros\u201d.<\/p>\n\n\n\n<p>Por \u00faltimo,\u00a0<strong> Tecno\u00a0<\/strong>consult\u00f3 a Lalo Zanoni, reconocido periodista, investigador y especialista en inteligencia artificial. Remarc\u00f3 que los puntos principales de la orden ejecutiva de Biden apuntan<strong>\u00a0al uso interno y de gobierno de los Estados Unidos,<\/strong>\u00a0m\u00e1s que el externo.<\/p>\n\n\n\n<p>Sin embargo, el autor del libro\u00a0<em>Las m\u00e1quinas no pueden so\u00f1ar<\/em>, expres\u00f3 que\u00a0<strong>lo m\u00e1s importante sobre este tema es la cuesti\u00f3n geopol\u00edtica<\/strong>: \u201cQuien domine la IA dominar\u00e1 gran parte de los negocios de m\u00faltiples industrias, hasta el control de los\u00a0datos\u00a0y la informaci\u00f3n e incluso la cultura que moldear\u00e1n a la sociedad en las pr\u00f3ximas d\u00e9cadas\u201d.<\/p>\n\n\n\n<p>\u201cEn ese contexto, Estados Unidos, China, Jap\u00f3n y Rusia pujan para ser los que de alguna manera se apropien de la legislaci\u00f3n que regule la IA\u201d, explic\u00f3 Zanoni. \u201cEuropa est\u00e1 atr\u00e1s en materia de desarrollo de IA y solo puede intentar regularla, por eso la Uni\u00f3n Europea est\u00e1 tan preocupada en controlar estos temas mediante las leyes. Y&nbsp;<strong>la orden ejecutiva de Biden fue, en cierta manera, adelantarse al G7<\/strong>\u2033, finaliz\u00f3 el especialista.<\/p>\n","protected":false},"excerpt":{"rendered":"<p>Los especialistas coinciden en que se trata de un primer paso para proteger a los usuarios de los peligros de la tecnolog\u00eda y obligar a las empresas a avisar cuando&hellip; <\/p>\n","protected":false},"author":8,"featured_media":99745,"comment_status":"closed","ping_status":"open","sticky":false,"template":"","format":"standard","meta":{"footnotes":""},"categories":[24],"tags":[],"class_list":["post-99744","post","type-post","status-publish","format-standard","has-post-thumbnail","hentry","category-tecnologia"],"_links":{"self":[{"href":"https:\/\/corrientesdetarde.com\/index.php\/wp-json\/wp\/v2\/posts\/99744","targetHints":{"allow":["GET"]}}],"collection":[{"href":"https:\/\/corrientesdetarde.com\/index.php\/wp-json\/wp\/v2\/posts"}],"about":[{"href":"https:\/\/corrientesdetarde.com\/index.php\/wp-json\/wp\/v2\/types\/post"}],"author":[{"embeddable":true,"href":"https:\/\/corrientesdetarde.com\/index.php\/wp-json\/wp\/v2\/users\/8"}],"replies":[{"embeddable":true,"href":"https:\/\/corrientesdetarde.com\/index.php\/wp-json\/wp\/v2\/comments?post=99744"}],"version-history":[{"count":1,"href":"https:\/\/corrientesdetarde.com\/index.php\/wp-json\/wp\/v2\/posts\/99744\/revisions"}],"predecessor-version":[{"id":99746,"href":"https:\/\/corrientesdetarde.com\/index.php\/wp-json\/wp\/v2\/posts\/99744\/revisions\/99746"}],"wp:featuredmedia":[{"embeddable":true,"href":"https:\/\/corrientesdetarde.com\/index.php\/wp-json\/wp\/v2\/media\/99745"}],"wp:attachment":[{"href":"https:\/\/corrientesdetarde.com\/index.php\/wp-json\/wp\/v2\/media?parent=99744"}],"wp:term":[{"taxonomy":"category","embeddable":true,"href":"https:\/\/corrientesdetarde.com\/index.php\/wp-json\/wp\/v2\/categories?post=99744"},{"taxonomy":"post_tag","embeddable":true,"href":"https:\/\/corrientesdetarde.com\/index.php\/wp-json\/wp\/v2\/tags?post=99744"}],"curies":[{"name":"wp","href":"https:\/\/api.w.org\/{rel}","templated":true}]}}