{"id":99747,"date":"2023-11-03T18:31:32","date_gmt":"2023-11-03T21:31:32","guid":{"rendered":"https:\/\/corrientesdetarde.com\/?p=99747"},"modified":"2023-11-03T18:31:37","modified_gmt":"2023-11-03T21:31:37","slug":"fernadez-recibio-a-autoridades-de-amia-y-daia-mientras-massa-fue-a-hacer-campana-a-mendoza","status":"publish","type":"post","link":"https:\/\/corrientesdetarde.com\/index.php\/politica\/fernadez-recibio-a-autoridades-de-amia-y-daia-mientras-massa-fue-a-hacer-campana-a-mendoza\/","title":{"rendered":"Fern\u00e1dez recibi\u00f3 a autoridades de AMIA y DAIA mientras Massa fue a hacer campa\u00f1a a Mendoza"},"content":{"rendered":"\n<p><strong>Por Juan Pablo Peralta desde Casa Rosada<\/strong><\/p>\n\n\n\n<p>El presidente Alberto Fern\u00e1ndez estuvo reunido en Casa Rosada con las m\u00e1ximas autoridades de la DAIA y AMIA (foto). Seg\u00fan se comunic\u00f3 oficialmente, los referentes de la comunidad jud\u00eda fueron informados sobre el trabajo que realiza el Gobierno argentino para la liberaci\u00f3n de los rehenes en Oriente Medio.<\/p>\n\n\n\n<figure class=\"wp-block-embed is-type-video is-provider-youtube wp-block-embed-youtube wp-embed-aspect-16-9 wp-has-aspect-ratio\"><div class=\"wp-block-embed__wrapper\">\n<iframe loading=\"lazy\" title=\"Fern\u00e1dez recibi\u00f3 a autoridades de AMIA y DAIA mientras Massa fue a hacer campa\u00f1a a Mendoza\" width=\"1110\" height=\"624\" src=\"https:\/\/www.youtube.com\/embed\/4ZMXEdhpKJM?feature=oembed\" frameborder=\"0\" allow=\"accelerometer; autoplay; clipboard-write; encrypted-media; gyroscope; picture-in-picture; web-share\" allowfullscreen><\/iframe>\n<\/div><\/figure>\n\n\n\n<p>Por su parte, Sergio Massa viaj\u00f3 a la provincia de Mendoza, y en su gira nacional de campa\u00f1a prometi\u00f3 enviar dinero para los afectados por los incendios que produjo el Zonda. Desde el Palacio de Hacienda dieron a conocer una aceleraci\u00f3n de precios en la \u00faltima semana de octubre, aunque desde all\u00ed circula que la inflaci\u00f3n del pasado mes ser\u00e1 de un d\u00edgito debido a los congelamientos de precios, que de todos modos los cobsumidores no pdrciben en los comercios.<\/p>\n","protected":false},"excerpt":{"rendered":"<p>Por Juan Pablo Peralta desde Casa Rosada El presidente Alberto Fern\u00e1ndez estuvo reunido en Casa Rosada con las m\u00e1ximas autoridades de la DAIA y AMIA (foto). Seg\u00fan se comunic\u00f3 oficialmente,&hellip; <\/p>\n","protected":false},"author":11,"featured_media":99748,"comment_status":"closed","ping_status":"open","sticky":false,"template":"","format":"standard","meta":{"footnotes":""},"categories":[10,3],"tags":[],"class_list":["post-99747","post","type-post","status-publish","format-standard","has-post-thumbnail","hentry","category-nacionales","category-politica"],"_links":{"self":[{"href":"https:\/\/corrientesdetarde.com\/index.php\/wp-json\/wp\/v2\/posts\/99747","targetHints":{"allow":["GET"]}}],"collection":[{"href":"https:\/\/corrientesdetarde.com\/index.php\/wp-json\/wp\/v2\/posts"}],"about":[{"href":"https:\/\/corrientesdetarde.com\/index.php\/wp-json\/wp\/v2\/types\/post"}],"author":[{"embeddable":true,"href":"https:\/\/corrientesdetarde.com\/index.php\/wp-json\/wp\/v2\/users\/11"}],"replies":[{"embeddable":true,"href":"https:\/\/corrientesdetarde.com\/index.php\/wp-json\/wp\/v2\/comments?post=99747"}],"version-history":[{"count":1,"href":"https:\/\/corrientesdetarde.com\/index.php\/wp-json\/wp\/v2\/posts\/99747\/revisions"}],"predecessor-version":[{"id":99749,"href":"https:\/\/corrientesdetarde.com\/index.php\/wp-json\/wp\/v2\/posts\/99747\/revisions\/99749"}],"wp:featuredmedia":[{"embeddable":true,"href":"https:\/\/corrientesdetarde.com\/index.php\/wp-json\/wp\/v2\/media\/99748"}],"wp:attachment":[{"href":"https:\/\/corrientesdetarde.com\/index.php\/wp-json\/wp\/v2\/media?parent=99747"}],"wp:term":[{"taxonomy":"category","embeddable":true,"href":"https:\/\/corrientesdetarde.com\/index.php\/wp-json\/wp\/v2\/categories?post=99747"},{"taxonomy":"post_tag","embeddable":true,"href":"https:\/\/corrientesdetarde.com\/index.php\/wp-json\/wp\/v2\/tags?post=99747"}],"curies":[{"name":"wp","href":"https:\/\/api.w.org\/{rel}","templated":true}]}}