{"id":99755,"date":"2023-11-03T20:25:49","date_gmt":"2023-11-03T23:25:49","guid":{"rendered":"https:\/\/corrientesdetarde.com\/?p=99755"},"modified":"2023-11-03T20:26:01","modified_gmt":"2023-11-03T23:26:01","slug":"reparte-porno-a-mujeres-adultas-el-insolito-trabajo-del-marido-de-tamara-paganini","status":"publish","type":"post","link":"https:\/\/corrientesdetarde.com\/index.php\/espectaculos\/reparte-porno-a-mujeres-adultas-el-insolito-trabajo-del-marido-de-tamara-paganini\/","title":{"rendered":"\u201cReparte porno a mujeres adultas\u201d: el ins\u00f3lito trabajo del marido de Tamara Paganini"},"content":{"rendered":"\n<p>Han pasado m\u00e1s de dos d\u00e9cadas desde que\u00a0<strong>Tamara Paganini<\/strong>\u00a0<strong>salt\u00f3 a la fama como participante de la primer edici\u00f3n de\u00a0<\/strong><em><strong>Gran Hermano<\/strong><\/em><strong>\u00a0en el pa\u00eds<\/strong>. Sin embargo, esos d\u00edas de gloria y ca\u00edda con esc\u00e1ndalos incluidos ya son historia:\u00a0<strong>hoy puede decir que encontr\u00f3 estabilidad en su vida\u00a0<\/strong>tras las sofocantes situaciones que hace a\u00f1os debi\u00f3 encarar.<\/p>\n\n\n\n<p>En su paso por&nbsp;<em>Intrusos (Am\u00e9rica)<\/em>, \u201cla India\u201d reflexion\u00f3 sobre su vida y cont\u00f3 muy entusiasmada que quiere armar una productora. Pero&nbsp;<strong>la charla dio un giro cuando Marcela Tauro le consult\u00f3 a la rubia a qu\u00e9 se dedica su pareja<\/strong>, Sebasti\u00e1n Cavalieri.<\/p>\n\n\n\n<p><strong>\u201c\u00c9l hace de todo un poco, pero principalmente reparte pornograf\u00eda a mujeres adultas porque le gusta masturbarse con otras mujeres\u201d<\/strong>, respondi\u00f3 bajo el asombro de Flor de la V y sus panelistas.<\/p>\n\n\n\n<figure class=\"wp-block-image\"><img decoding=\"async\" src=\"https:\/\/tn.com.ar\/resizer\/n165iAMYrPYocdVHL79sxV4rzHk=\/767x0\/smart\/filters:format(webp)\/thumbs.vodgc.net\/1-14-k7GICu1699045307694-1699046716.jpg\" alt=\"Video Placeholder\"\/><\/figure>\n\n\n\n<p>(Foto: Captura Am\u00e9rica. Instagram \/ tamarapaganini)<\/p>\n\n\n\n<p>Lejos de sentirse intimidada por las reacciones, la ex \u201chermanita\u201d ahond\u00f3 en las destrezas multifac\u00e9ticas del hombre que la acompa\u00f1a desde hace 12 a\u00f1os, a quien por cierto conoci\u00f3 en un boliche y desde all\u00ed siguen juntos.<\/p>\n\n\n\n<p>\u201c<strong>Tambi\u00e9n se dedica a la gastronom\u00eda, asesoramiento y diferentes cosas. Es medio empresario,<\/strong>&nbsp;podr\u00edamos decir, creo que s\u00ed\u201d. Luego Tamara agreg\u00f3&nbsp;<strong>\u201cSomos dos locos\u201d<\/strong>, visiblemente orgullosa de su pareja.<\/p>\n\n\n\n<h2 class=\"wp-block-heading\">Tamara Paganini cont\u00f3 los ataques que sufri\u00f3 tras \u2018Gran Hermano\u2019: golpes, insultos y escupitajos<\/h2>\n\n\n\n<p><strong>Tamara Paganini<\/strong>estuvo en\u00a0<em>LAM (Am\u00e9rica)<\/em>\u00a0y se refiri\u00f3 a<strong>\u00a0c\u00f3mo vivi\u00f3 a partir de su salida de\u00a0la casa de\u00a0<\/strong><em><strong>Gran Hermano<\/strong><\/em>, que en ese momento se trataba de un formato nuevo de un \u00e9xito sin precedentes.<\/p>\n\n\n\n<p>\u201cCuando sal\u00ed de la casa me tuvieron encerrada un tiempo sin dejarme ver la televisi\u00f3n y dem\u00e1s cosas.&nbsp;<strong>No pod\u00eda entender que la gente me corriera por la calle<\/strong>, que se pusieran una remera con mi nombre&#8230;&nbsp;<strong>la gente te ama y te odia<\/strong>\u201d, describi\u00f3 la exparticipante.<\/p>\n\n\n\n<figure class=\"wp-block-image\"><img decoding=\"async\" src=\"https:\/\/tn.com.ar\/resizer\/n6RT9zCuxYh1uajPzoYQgPsn-yE=\/767x0\/smart\/filters:format(webp)\/cloudfront-us-east-1.images.arcpublishing.com\/artear\/UJ26ZP2HGB3T47Y76VBBC5KOTE.jpg\" alt=\"(Foto: archivo Telefe).\"\/><figcaption>(Foto: archivo Telefe).<\/figcaption><\/figure>\n\n\n\n<p>\u201cEn ese momento&nbsp;<strong>el&nbsp;<\/strong><em><strong>hater<\/strong><\/em><strong>&nbsp;te escup\u00eda, literalmente, sus gallos en la cara.<\/strong>&nbsp;O ir caminando con mi novio de la mano y que dos chicas de 20 a\u00f1os, se pararan para cruzarme el paso y decirme pu&#8230; de mier&#8230;<strong>&nbsp;Tambi\u00e9n tiraban piedras para romper los vidrios de mi ventana<\/strong>\u201d, revel\u00f3.<\/p>\n\n\n\n<p>Tamara cont\u00f3 que para salir tranquila a la calle deb\u00eda vestirse de hombre.&nbsp;<strong>\u201cTen\u00eda un gorrito y hasta barba postiza\u201d<\/strong>, detall\u00f3. \u201cAs\u00ed viv\u00ed a\u00f1os y a\u00f1os de mi vida\u201d, coment\u00f3 indignada.<\/p>\n\n\n\n<p>Adem\u00e1s, explic\u00f3 que su primera reacci\u00f3n fue \u201cirse, desaparecer\u201d y que la \u201ctrague la tierra\u201d porque no pod\u00eda entender lo que estaba pasando en su nueva vida como famosa. \u201cMe fui a vivir a C\u00f3rdoba y pens\u00e9 que la soluci\u00f3n era alejarme de los medios. Con tanta gente queriendo ser famosa, una que no quiera&#8230; y\u00a0<strong>me sali\u00f3 el tiro por la culata, era como la figurita dif\u00edcil<\/strong>\u201d, dijo\u00a0Tamara.<\/p>\n","protected":false},"excerpt":{"rendered":"<p>Han pasado m\u00e1s de dos d\u00e9cadas desde que\u00a0Tamara Paganini\u00a0salt\u00f3 a la fama como participante de la primer edici\u00f3n de\u00a0Gran Hermano\u00a0en el pa\u00eds. Sin embargo, esos d\u00edas de gloria y ca\u00edda&hellip; <\/p>\n","protected":false},"author":12,"featured_media":99758,"comment_status":"closed","ping_status":"open","sticky":false,"template":"","format":"standard","meta":{"footnotes":""},"categories":[19],"tags":[],"class_list":["post-99755","post","type-post","status-publish","format-standard","has-post-thumbnail","hentry","category-espectaculos"],"_links":{"self":[{"href":"https:\/\/corrientesdetarde.com\/index.php\/wp-json\/wp\/v2\/posts\/99755","targetHints":{"allow":["GET"]}}],"collection":[{"href":"https:\/\/corrientesdetarde.com\/index.php\/wp-json\/wp\/v2\/posts"}],"about":[{"href":"https:\/\/corrientesdetarde.com\/index.php\/wp-json\/wp\/v2\/types\/post"}],"author":[{"embeddable":true,"href":"https:\/\/corrientesdetarde.com\/index.php\/wp-json\/wp\/v2\/users\/12"}],"replies":[{"embeddable":true,"href":"https:\/\/corrientesdetarde.com\/index.php\/wp-json\/wp\/v2\/comments?post=99755"}],"version-history":[{"count":1,"href":"https:\/\/corrientesdetarde.com\/index.php\/wp-json\/wp\/v2\/posts\/99755\/revisions"}],"predecessor-version":[{"id":99760,"href":"https:\/\/corrientesdetarde.com\/index.php\/wp-json\/wp\/v2\/posts\/99755\/revisions\/99760"}],"wp:featuredmedia":[{"embeddable":true,"href":"https:\/\/corrientesdetarde.com\/index.php\/wp-json\/wp\/v2\/media\/99758"}],"wp:attachment":[{"href":"https:\/\/corrientesdetarde.com\/index.php\/wp-json\/wp\/v2\/media?parent=99755"}],"wp:term":[{"taxonomy":"category","embeddable":true,"href":"https:\/\/corrientesdetarde.com\/index.php\/wp-json\/wp\/v2\/categories?post=99755"},{"taxonomy":"post_tag","embeddable":true,"href":"https:\/\/corrientesdetarde.com\/index.php\/wp-json\/wp\/v2\/tags?post=99755"}],"curies":[{"name":"wp","href":"https:\/\/api.w.org\/{rel}","templated":true}]}}