{"id":99759,"date":"2023-11-03T20:29:45","date_gmt":"2023-11-03T23:29:45","guid":{"rendered":"https:\/\/corrientesdetarde.com\/?p=99759"},"modified":"2023-11-05T11:57:54","modified_gmt":"2023-11-05T14:57:54","slug":"se-firmo-un-auspicioso-convenio-de-cooperacion-entre-cpia-y-feim","status":"publish","type":"post","link":"https:\/\/corrientesdetarde.com\/index.php\/politica\/se-firmo-un-auspicioso-convenio-de-cooperacion-entre-cpia-y-feim\/","title":{"rendered":"SE FIRM\u00d3 UN AUSPICIOSO CONVENIO DE COOPERACI\u00d3N ENTRE CPIA Y FEIM"},"content":{"rendered":"\n<p>El mi\u00e9rcoles 25 de octubre el Consejo de los Profesionales BioAgroindustriales de la Rep\u00fablica Argentina (CPIA) y la Fundaci\u00f3n para Estudio e Investigaci\u00f3n de la Mujer (FEIM) firmaron un auspicioso convenio marco, de cooperaci\u00f3n t\u00e9cnica en las \u00e1reas docencia, investigaci\u00f3n y divulgaci\u00f3n de temas espec\u00edficos.<\/p>\n\n\n\n<p>De la reuni\u00f3n en la cual se formaliz\u00f3 el acuerdo particip\u00f3, por parte de Fundaci\u00f3n FEIM, su Presidenta, Dra. Mabel Blanco; y representando a CPIA su Presidente, Ing. Agr. Claudio Gonzalez; Ab. Francisco Carricaburu; el Lic. Pablo Micuta, la Lic. Julieta Barchiesi y la Ing. Agr. Daniela Medina Herrera.<\/p>\n\n\n\n<p>Luego de la firma, el Ing. Claudio Gonz\u00e1lez, brind\u00f3 mayores precisiones respecto al convenio y a sus primeras l\u00edneas de acci\u00f3n conjunta: \u201cEstamos muy contentos de trabajar con FEIM. En primer t\u00e9rmino, comenzaremos organizando una charla, que se desarrollar\u00e1 durante el mes de noviembre, y estar\u00e1 a cargo de la Dra. Mabel Blanco. El principal eje abordado ser\u00e1 <em>Acoso y Violencia en el \u00c1mbito Laboral<\/em>, una tem\u00e1tica cuyo abordaje es muy demandado por varias empresas y organizaciones tanto a FEIM como a CPIA. Ambas entidades reciben constantes requerimientos de asesoramiento sobre el tema, motivo por el cual consideramos oportuno abordarlo. Si bien se apuntar\u00e1 principalmente a la cuesti\u00f3n de g\u00e9nero, no es el \u00fanico aspecto a tratar\u201d.<\/p>\n\n\n\n<p>Otro de los puntos que remarc\u00f3 el Presidente de CPIA fue que la articulaci\u00f3n entre las instituciones ser\u00e1 clave para aportar, a la representaci\u00f3n nacional, la cuesti\u00f3n de g\u00e9nero en el \u00e1mbito rural: \u201cFEIM tiene participaci\u00f3n internacional en varios foros de debate sobre el rol de g\u00e9nero y, a diferencia de otros pa\u00edses que le prestan mucha atenci\u00f3n al tema en el \u00e1mbito rural, en Argentina no sucede lo mismo, y por eso esperamos que nuestro aporte tambi\u00e9n sea muy constructivo en ese sentido\u201d.<\/p>\n\n\n\n<p>Por \u00faltimo, el directivo expres\u00f3: \u201cNo tenemos dudas que la sinergia entre CPIA y FEIM ser\u00e1 muy fruct\u00edfera. Entre otras iniciativas, tambi\u00e9n tenemos pensado trabajar articuladamente el curso de capacitaci\u00f3n sobre la Ley Micaela, dirigido a profesionales de CPIA que trabajan en organismos nacionales, tal como venimos trabajando con la UBA el curso sobre la Ley Yolanda. Asimismo, planeamos trabajar en conjunto una actualizaci\u00f3n de nuestro Informe sobre Brecha de G\u00e9nero, a partir de una encuesta realizada en agosto pasado, incorporando nuevos t\u00f3picos de an\u00e1lisis\u201d.<\/p>\n\n\n\n<p>Recordemos que la Ley Micaela (Ley 27.499) fue promulgada el 10 de enero de 2019 y establece la capacitaci\u00f3n obligatoria en g\u00e9nero y violencia de g\u00e9nero para todas las personas que se desempe\u00f1en en la funci\u00f3n p\u00fablica, en los poderes Ejecutivo, Legislativo y Judicial de la Naci\u00f3n. &nbsp;Se llama as\u00ed en conmemoraci\u00f3n de Micaela Garc\u00eda, una joven entrerriana de 21 a\u00f1os, militante del Movimiento Evita, que fuera v\u00edctima de femicidio en manos de Sebasti\u00e1n Wagner.<\/p>\n\n\n\n<p>En tanto que la Ley 27.592 o Ley Yolanda es una ley que tiene como objetivo garantizar la formaci\u00f3n integral en ambiente, con perspectiva de desarrollo sostenible y con especial \u00e9nfasis en cambio clim\u00e1tico, para aquellas personas que se desempe\u00f1an en la funci\u00f3n p\u00fablica. La misma fue sancionada el 17 de noviembre de 2020. Su nombre es en homenaje a Yolanda Ortiz, primera Secretaria de Recursos Naturales y Ambiente Humano de Argentina y de Am\u00e9rica Latina. &nbsp;<\/p>\n\n\n\n<p>La Fundaci\u00f3n para Estudio e Investigaci\u00f3n de la Mujer (FEIM) es una organizaci\u00f3n no gubernamental Argentina, sin fines de lucro, creada en 1989 por un grupo de mujeres profesionales especialistas en g\u00e9nero para mejorar la condici\u00f3n social, laboral, educacional, legal, pol\u00edtica, econ\u00f3mica y de salud de mujeres, ni\u00f1as, adolescentes y j\u00f3venes.<\/p>\n","protected":false},"excerpt":{"rendered":"<p>El mi\u00e9rcoles 25 de octubre el Consejo de los Profesionales BioAgroindustriales de la Rep\u00fablica Argentina (CPIA) y la Fundaci\u00f3n para Estudio e Investigaci\u00f3n de la Mujer (FEIM) firmaron un auspicioso&hellip; <\/p>\n","protected":false},"author":11,"featured_media":99763,"comment_status":"closed","ping_status":"open","sticky":false,"template":"","format":"standard","meta":{"footnotes":""},"categories":[3],"tags":[1218,1219],"class_list":["post-99759","post","type-post","status-publish","format-standard","has-post-thumbnail","hentry","category-politica","tag-cipia","tag-feim"],"_links":{"self":[{"href":"https:\/\/corrientesdetarde.com\/index.php\/wp-json\/wp\/v2\/posts\/99759","targetHints":{"allow":["GET"]}}],"collection":[{"href":"https:\/\/corrientesdetarde.com\/index.php\/wp-json\/wp\/v2\/posts"}],"about":[{"href":"https:\/\/corrientesdetarde.com\/index.php\/wp-json\/wp\/v2\/types\/post"}],"author":[{"embeddable":true,"href":"https:\/\/corrientesdetarde.com\/index.php\/wp-json\/wp\/v2\/users\/11"}],"replies":[{"embeddable":true,"href":"https:\/\/corrientesdetarde.com\/index.php\/wp-json\/wp\/v2\/comments?post=99759"}],"version-history":[{"count":1,"href":"https:\/\/corrientesdetarde.com\/index.php\/wp-json\/wp\/v2\/posts\/99759\/revisions"}],"predecessor-version":[{"id":99764,"href":"https:\/\/corrientesdetarde.com\/index.php\/wp-json\/wp\/v2\/posts\/99759\/revisions\/99764"}],"wp:featuredmedia":[{"embeddable":true,"href":"https:\/\/corrientesdetarde.com\/index.php\/wp-json\/wp\/v2\/media\/99763"}],"wp:attachment":[{"href":"https:\/\/corrientesdetarde.com\/index.php\/wp-json\/wp\/v2\/media?parent=99759"}],"wp:term":[{"taxonomy":"category","embeddable":true,"href":"https:\/\/corrientesdetarde.com\/index.php\/wp-json\/wp\/v2\/categories?post=99759"},{"taxonomy":"post_tag","embeddable":true,"href":"https:\/\/corrientesdetarde.com\/index.php\/wp-json\/wp\/v2\/tags?post=99759"}],"curies":[{"name":"wp","href":"https:\/\/api.w.org\/{rel}","templated":true}]}}