{"id":99956,"date":"2023-11-04T19:53:27","date_gmt":"2023-11-04T22:53:27","guid":{"rendered":"https:\/\/corrientesdetarde.com\/?p=99956"},"modified":"2023-11-04T19:53:39","modified_gmt":"2023-11-04T22:53:39","slug":"el-gobernador-gustavo-valdes-recorrio-zonas-afectadas-y-asistio-a-evacuados-de-varios-municipios","status":"publish","type":"post","link":"https:\/\/corrientesdetarde.com\/index.php\/sociales\/el-gobernador-gustavo-valdes-recorrio-zonas-afectadas-y-asistio-a-evacuados-de-varios-municipios\/","title":{"rendered":"El gobernador Gustavo Vald\u00e9s recorri\u00f3 zonas afectadas y asisti\u00f3 a evacuados de varios municipios"},"content":{"rendered":"\n<p>El Mandatario provincial efectu\u00f3 este s\u00e1bado, un recorrido por varias ciudades en el marco de la creciente del r\u00edo Paran\u00e1 que afecta a varias ciudades.<br>Desde su red social comunic\u00f3 adem\u00e1s que \u201cdesde el Gobierno de Corrientes, asistimos a las familias evacuadas y los municipios implicados\u201d, se\u00f1alando que, en ese marco, recorri\u00f3 Paso de la Patria, Itat\u00ed e Isla Apip\u00e9 para &#8220;evaluar y proyectar la situaci\u00f3n h\u00eddrica\u201d.<\/p>\n\n\n\n<figure class=\"wp-block-image size-large\"><img loading=\"lazy\" decoding=\"async\" width=\"1024\" height=\"659\" src=\"https:\/\/corrientesdetarde.com\/wp-content\/uploads\/2023\/11\/image-72-1024x659.png\" alt=\"\" class=\"wp-image-99963\" srcset=\"https:\/\/corrientesdetarde.com\/wp-content\/uploads\/2023\/11\/image-72-1024x659.png 1024w, https:\/\/corrientesdetarde.com\/wp-content\/uploads\/2023\/11\/image-72-300x193.png 300w, https:\/\/corrientesdetarde.com\/wp-content\/uploads\/2023\/11\/image-72-768x494.png 768w, https:\/\/corrientesdetarde.com\/wp-content\/uploads\/2023\/11\/image-72.png 1234w\" sizes=\"auto, (max-width: 1024px) 100vw, 1024px\" \/><\/figure>\n","protected":false},"excerpt":{"rendered":"<p>El Mandatario provincial efectu\u00f3 este s\u00e1bado, un recorrido por varias ciudades en el marco de la creciente del r\u00edo Paran\u00e1 que afecta a varias ciudades.Desde su red social comunic\u00f3 adem\u00e1s&hellip; <\/p>\n","protected":false},"author":1,"featured_media":99962,"comment_status":"closed","ping_status":"open","sticky":false,"template":"","format":"standard","meta":{"footnotes":""},"categories":[17],"tags":[],"class_list":["post-99956","post","type-post","status-publish","format-standard","has-post-thumbnail","hentry","category-sociales"],"_links":{"self":[{"href":"https:\/\/corrientesdetarde.com\/index.php\/wp-json\/wp\/v2\/posts\/99956","targetHints":{"allow":["GET"]}}],"collection":[{"href":"https:\/\/corrientesdetarde.com\/index.php\/wp-json\/wp\/v2\/posts"}],"about":[{"href":"https:\/\/corrientesdetarde.com\/index.php\/wp-json\/wp\/v2\/types\/post"}],"author":[{"embeddable":true,"href":"https:\/\/corrientesdetarde.com\/index.php\/wp-json\/wp\/v2\/users\/1"}],"replies":[{"embeddable":true,"href":"https:\/\/corrientesdetarde.com\/index.php\/wp-json\/wp\/v2\/comments?post=99956"}],"version-history":[{"count":1,"href":"https:\/\/corrientesdetarde.com\/index.php\/wp-json\/wp\/v2\/posts\/99956\/revisions"}],"predecessor-version":[{"id":99964,"href":"https:\/\/corrientesdetarde.com\/index.php\/wp-json\/wp\/v2\/posts\/99956\/revisions\/99964"}],"wp:featuredmedia":[{"embeddable":true,"href":"https:\/\/corrientesdetarde.com\/index.php\/wp-json\/wp\/v2\/media\/99962"}],"wp:attachment":[{"href":"https:\/\/corrientesdetarde.com\/index.php\/wp-json\/wp\/v2\/media?parent=99956"}],"wp:term":[{"taxonomy":"category","embeddable":true,"href":"https:\/\/corrientesdetarde.com\/index.php\/wp-json\/wp\/v2\/categories?post=99956"},{"taxonomy":"post_tag","embeddable":true,"href":"https:\/\/corrientesdetarde.com\/index.php\/wp-json\/wp\/v2\/tags?post=99956"}],"curies":[{"name":"wp","href":"https:\/\/api.w.org\/{rel}","templated":true}]}}