{"id":99957,"date":"2023-11-04T19:51:49","date_gmt":"2023-11-04T22:51:49","guid":{"rendered":"https:\/\/corrientesdetarde.com\/?p=99957"},"modified":"2023-11-04T19:51:55","modified_gmt":"2023-11-04T22:51:55","slug":"las-ferias-de-la-ciudad-inician-una-nueva-recorrida-por-distintos-espacios-publicos","status":"publish","type":"post","link":"https:\/\/corrientesdetarde.com\/index.php\/sociales\/las-ferias-de-la-ciudad-inician-una-nueva-recorrida-por-distintos-espacios-publicos\/","title":{"rendered":"Las Ferias de la Ciudad inician una nueva recorrida por distintos espacios p\u00fablicos"},"content":{"rendered":"\n<p><em>Del lunes 6 al domingo 12, puesteros capitalinos volver\u00e1n a desembarcar en distintos parques, plazas y paseos. Una propuesta municipal que se consolida como una excelente opci\u00f3n para que los vecinos visiten y aprovechen ofertas y productos de calidad. Llegar\u00e1 a los barrios Mil Viviendas, Libertad, Centro, La Cruz, Ber\u00f3n de Astrada, San Ger\u00f3nimo, Aldana, entre otros.<\/em><\/p>\n\n\n\n<p>La Municipalidad de Corrientes diagram\u00f3 una nueva recorrida semanal del programa Ferias de la Ciudad, a trav\u00e9s del cual peque\u00f1os productores locales comercializar\u00e1n, de 8 a 13, verduras, frutas y otros art\u00edculos de inter\u00e9s para las familias en espacios verdes ubicados en diferentes barrios.\u00a0<br><br>Se trata de una iniciativa que es parte de una acci\u00f3n coordinada por la Secretar\u00eda de Desarrollo Econ\u00f3mico municipal, a trav\u00e9s de la Subsecretar\u00eda de Econom\u00eda Social.\u00a0<br><br>Dar\u00e1 inicio el lunes 6 de noviembre en la plaza Rep\u00fablica del Per\u00fa (ubicada por avenida Patagonia entre La Paz y Paysand\u00fa) de las Mil Viviendas, as\u00ed como en la plaza Los Inmigrantes, sita en la intersecci\u00f3n de la avenida Sarmiento y Teniente Correa Fern\u00e1ndez del Ber\u00f3n de Astrada.\u00a0<br><br>El martes 7, los puesteros de frutas, verduras, dulces regionales, panificados, artesan\u00edas y plantas ornamentales se har\u00e1n presentes en la plaza Libertad del barrio del mismo nombre; mientras que el mi\u00e9rcoles 8 visitar\u00e1n la plaza Torrent del barrio Centro.\u00a0<br><br>El jueves 9, los feriantes se instalar\u00e1n en la calle interna de la plaza La Cruz (barrio La Cruz); mientras que el viernes 10 se har\u00e1n presentes nuevamente en las plazas Rep\u00fablica del Per\u00fa (Mil Viviendas) y Los Inmigrantes (Ber\u00f3n de Astrada), y tambi\u00e9n lo har\u00e1n en el predio del Parque El Eucaliptal (intersecci\u00f3n de las avenidas Laprida y Alfons\u00edn) en el barrio San Ger\u00f3nimo.\u00a0<br><br>En tanto que el s\u00e1bado 11, los puesteros ofrecer\u00e1n sus productos en la intersecci\u00f3n de la calle Pil\u00fa G\u00f3mez y Jos\u00e9 Mar\u00eda Rol\u00f3n del parque Mitre, en el horario de 8 a 13. Por su parte, el mismo s\u00e1bado, pero en el Paseo Arazaty (Av. 3 de Abril y Costanera) se comercializar\u00e1n de 15 a 22 plantas ornamentales, artesan\u00edas, manualidades y productos gastron\u00f3micos\u00a0<\/p>\n\n\n\n<figure class=\"wp-block-image size-large\"><img loading=\"lazy\" decoding=\"async\" width=\"819\" height=\"1024\" src=\"https:\/\/corrientesdetarde.com\/wp-content\/uploads\/2023\/11\/image-70-819x1024.png\" alt=\"\" class=\"wp-image-99959\" srcset=\"https:\/\/corrientesdetarde.com\/wp-content\/uploads\/2023\/11\/image-70-819x1024.png 819w, https:\/\/corrientesdetarde.com\/wp-content\/uploads\/2023\/11\/image-70-240x300.png 240w, https:\/\/corrientesdetarde.com\/wp-content\/uploads\/2023\/11\/image-70-768x960.png 768w, https:\/\/corrientesdetarde.com\/wp-content\/uploads\/2023\/11\/image-70.png 1024w\" sizes=\"auto, (max-width: 819px) 100vw, 819px\" \/><\/figure>\n\n\n\n<p><br><br>La semana de actividad se cerrar\u00e1 el domingo 12 que estar\u00e1n tambi\u00e9n en el Paseo Arazaty, pero en horario corrido de 10 a 22.\u00a0<br><br>CRONOGRAMA\u00a0<br><br>Lunes 6: plaza Rep\u00fablica del Per\u00fa (Mil Viviendas) y plaza Los Inmigrantes (B\u00ba Ber\u00f3n de Astrada)\u00a0<br><br>Martes 7: plaza Libertad (barrio Libertad)\u00a0<br><br>Mi\u00e9rcoles 8: plaza Torrent (barrio Centro)\u00a0<br><br>Jueves 9: plaza La Cruz (barrio La Cruz)\u00a0<br><br>Viernes 10: plaza Rep\u00fablica del Per\u00fa (Mil Viviendas), plaza Los Inmigrantes (B\u00ba Ber\u00f3n de Astrada) y Parque El Eucaliptal (barrio San Ger\u00f3nimo)\u00a0<br><br>S\u00e1bado 11: parque Mitre (por la ma\u00f1ana) y Paseo Arazaty (por la tarde)\u00a0<br><br>Domingo 12: Paseo Arazaty (plantas, artesan\u00edas, manualidades y productos gastron\u00f3micos).\u00a0<\/p>\n","protected":false},"excerpt":{"rendered":"<p>Del lunes 6 al domingo 12, puesteros capitalinos volver\u00e1n a desembarcar en distintos parques, plazas y paseos. Una propuesta municipal que se consolida como una excelente opci\u00f3n para que los&hellip; <\/p>\n","protected":false},"author":1,"featured_media":99960,"comment_status":"closed","ping_status":"open","sticky":false,"template":"","format":"standard","meta":{"footnotes":""},"categories":[17],"tags":[],"class_list":["post-99957","post","type-post","status-publish","format-standard","has-post-thumbnail","hentry","category-sociales"],"_links":{"self":[{"href":"https:\/\/corrientesdetarde.com\/index.php\/wp-json\/wp\/v2\/posts\/99957","targetHints":{"allow":["GET"]}}],"collection":[{"href":"https:\/\/corrientesdetarde.com\/index.php\/wp-json\/wp\/v2\/posts"}],"about":[{"href":"https:\/\/corrientesdetarde.com\/index.php\/wp-json\/wp\/v2\/types\/post"}],"author":[{"embeddable":true,"href":"https:\/\/corrientesdetarde.com\/index.php\/wp-json\/wp\/v2\/users\/1"}],"replies":[{"embeddable":true,"href":"https:\/\/corrientesdetarde.com\/index.php\/wp-json\/wp\/v2\/comments?post=99957"}],"version-history":[{"count":1,"href":"https:\/\/corrientesdetarde.com\/index.php\/wp-json\/wp\/v2\/posts\/99957\/revisions"}],"predecessor-version":[{"id":99961,"href":"https:\/\/corrientesdetarde.com\/index.php\/wp-json\/wp\/v2\/posts\/99957\/revisions\/99961"}],"wp:featuredmedia":[{"embeddable":true,"href":"https:\/\/corrientesdetarde.com\/index.php\/wp-json\/wp\/v2\/media\/99960"}],"wp:attachment":[{"href":"https:\/\/corrientesdetarde.com\/index.php\/wp-json\/wp\/v2\/media?parent=99957"}],"wp:term":[{"taxonomy":"category","embeddable":true,"href":"https:\/\/corrientesdetarde.com\/index.php\/wp-json\/wp\/v2\/categories?post=99957"},{"taxonomy":"post_tag","embeddable":true,"href":"https:\/\/corrientesdetarde.com\/index.php\/wp-json\/wp\/v2\/tags?post=99957"}],"curies":[{"name":"wp","href":"https:\/\/api.w.org\/{rel}","templated":true}]}}